{"id":177,"date":"2020-03-04T14:28:51","date_gmt":"2020-03-04T13:28:51","guid":{"rendered":"https:\/\/www.theatre-du-menteur.com\/fabrique\/?p=177"},"modified":"2020-03-04T14:28:51","modified_gmt":"2020-03-04T13:28:51","slug":"lami-du-lac","status":"publish","type":"post","link":"https:\/\/www.theatre-du-menteur.com\/fabrique\/lami-du-lac\/","title":{"rendered":"L\u2019ami du lac"},"content":{"rendered":"<div class=\"well well-md\">\n<h5>R\u00e9colte de paroles,\u00a0Cr\u00e9teil, quartier les Sarrazins, 17 f\u00e9vrier 2020<\/h5>\n<h6>Texte offert par les paroles de Mohamed, Madix, Daoua<\/h6>\n<\/div>\n<p class=\"Corps\">Je regardais la t\u00e9l\u00e9, je dormais, je pleurais quelque part\u2026<\/p>\n<p class=\"Corps\">Ou bien je restais dehors tout seul\u2026 je r\u00eavais tout seul, triste de ne pas avoir d\u2019amis. Ne sachant que faire, il m\u2019arrivait aussi de courir sans personne, de jouer au ballon sans personne\u2026<\/p>\n<p class=\"Corps\">Un jour que j\u2019\u00e9tais all\u00e9 au lac, alors que je regardais les canards, j\u2019eus envie de sauter dans l\u2019eau et de nager, nager, nager\u2026 Perdu dans cette r\u00eaverie, un ami apparut, sorti tout droit d\u2019un manga. Il s\u2019appelait Naruto, son visage \u00e9tait travers\u00e9 par des \u00e9clairs et ses jambes pleines de cicatrices. J\u2019en ai eu peur, car il ressemblait au goule qui mange de la chair humaine\u2026 Il \u00e9tait seul aussi, et comme moi, il avait besoin d\u2019un ami. \u00c0 un moment, le ballon avec lequel je jouais a roul\u00e9 vers Najuto, qui me l\u2019a repass\u00e9 en souriant tout en s\u2019exclamant : est-ce que tu veux \u00eatre mon ami ?<\/p>\n<p class=\"Corps\">Je r\u00e9pondis : oui, je veux bien, mais peux-tu m\u2019assurer que tu n\u2019es pas dangereux ?<\/p>\n<p class=\"Corps\">Il ajouta : si, je suis un peu dangereux, mais pas pour toi\u2026 si tu es d\u2019accord, on va s\u2019en aller tous les deux manger des souris, vivre ensemble\u2026.<\/p>\n<p class=\"Corps\">C\u2019est sur ces mots qu\u2019ils s\u2019en all\u00e8rent et n\u2019en finirent jamais plus de jouer ensemble\u2026<\/p>\n","protected":false},"excerpt":{"rendered":"<p>Je regardais la t\u00e9l\u00e9, je dormais, je pleurais quelque part\u2026 Ou bien je restais dehors tout seul\u2026 je r\u00eavais tout seul, triste de ne pas avoir d\u2019amis. Ne sachant que faire, il m\u2019arrivait aussi de courir sans personne, de jouer au ballon sans personne\u2026 Un jour que j\u2019\u00e9tais all\u00e9 au &hellip;<\/p>\n","protected":false},"author":2,"featured_media":0,"comment_status":"closed","ping_status":"closed","sticky":false,"template":"","format":"standard","meta":{"footnotes":""},"categories":[8],"tags":[12],"yoast_head":"<!-- This site is optimized with the Yoast SEO plugin v22.8 - https:\/\/yoast.com\/wordpress\/plugins\/seo\/ -->\n<title>L\u2019ami du lac - La fabrique<\/title>\n<meta name=\"robots\" content=\"index, follow, max-snippet:-1, max-image-preview:large, max-video-preview:-1\" \/>\n<link rel=\"canonical\" href=\"https:\/\/www.theatre-du-menteur.com\/fabrique\/lami-du-lac\/\" \/>\n<meta property=\"og:locale\" content=\"fr_FR\" \/>\n<meta property=\"og:type\" content=\"article\" \/>\n<meta property=\"og:title\" content=\"L\u2019ami du lac - La fabrique\" \/>\n<meta property=\"og:description\" content=\"Je regardais la t\u00e9l\u00e9, je dormais, je pleurais quelque part\u2026 Ou bien je restais dehors tout seul\u2026 je r\u00eavais tout seul, triste de ne pas avoir d\u2019amis. Ne sachant que faire, il m\u2019arrivait aussi de courir sans personne, de jouer au ballon sans personne\u2026 Un jour que j\u2019\u00e9tais all\u00e9 au &hellip;\" \/>\n<meta property=\"og:url\" content=\"https:\/\/www.theatre-du-menteur.com\/fabrique\/lami-du-lac\/\" \/>\n<meta property=\"og:site_name\" content=\"La fabrique\" \/>\n<meta property=\"article:published_time\" content=\"2020-03-04T13:28:51+00:00\" \/>\n<meta name=\"author\" content=\"shamehhonyow\" \/>\n<meta name=\"twitter:card\" content=\"summary_large_image\" \/>\n<meta name=\"twitter:label1\" content=\"\u00c9crit par\" \/>\n\t<meta name=\"twitter:data1\" content=\"shamehhonyow\" \/>\n\t<meta name=\"twitter:label2\" content=\"Dur\u00e9e de lecture estim\u00e9e\" \/>\n\t<meta name=\"twitter:data2\" content=\"1 minute\" \/>\n<script type=\"application\/ld+json\" class=\"yoast-schema-graph\">{\"@context\":\"https:\/\/schema.org\",\"@graph\":[{\"@type\":\"WebPage\",\"@id\":\"https:\/\/www.theatre-du-menteur.com\/fabrique\/lami-du-lac\/\",\"url\":\"https:\/\/www.theatre-du-menteur.com\/fabrique\/lami-du-lac\/\",\"name\":\"L\u2019ami du lac - La fabrique\",\"isPartOf\":{\"@id\":\"https:\/\/www.theatre-du-menteur.com\/fabrique\/#website\"},\"datePublished\":\"2020-03-04T13:28:51+00:00\",\"dateModified\":\"2020-03-04T13:28:51+00:00\",\"author\":{\"@id\":\"https:\/\/www.theatre-du-menteur.com\/fabrique\/#\/schema\/person\/3960fe00302a91fc5f0bd7fdf30f4bcf\"},\"breadcrumb\":{\"@id\":\"https:\/\/www.theatre-du-menteur.com\/fabrique\/lami-du-lac\/#breadcrumb\"},\"inLanguage\":\"fr-FR\",\"potentialAction\":[{\"@type\":\"ReadAction\",\"target\":[\"https:\/\/www.theatre-du-menteur.com\/fabrique\/lami-du-lac\/\"]}]},{\"@type\":\"BreadcrumbList\",\"@id\":\"https:\/\/www.theatre-du-menteur.com\/fabrique\/lami-du-lac\/#breadcrumb\",\"itemListElement\":[{\"@type\":\"ListItem\",\"position\":1,\"name\":\"Accueil\",\"item\":\"https:\/\/www.theatre-du-menteur.com\/fabrique\/\"},{\"@type\":\"ListItem\",\"position\":2,\"name\":\"L\u2019ami du lac\"}]},{\"@type\":\"WebSite\",\"@id\":\"https:\/\/www.theatre-du-menteur.com\/fabrique\/#website\",\"url\":\"https:\/\/www.theatre-du-menteur.com\/fabrique\/\",\"name\":\"La fabrique\",\"description\":\"d&#039;\u00e9criture et de jeu\",\"potentialAction\":[{\"@type\":\"SearchAction\",\"target\":{\"@type\":\"EntryPoint\",\"urlTemplate\":\"https:\/\/www.theatre-du-menteur.com\/fabrique\/?s={search_term_string}\"},\"query-input\":\"required name=search_term_string\"}],\"inLanguage\":\"fr-FR\"},{\"@type\":\"Person\",\"@id\":\"https:\/\/www.theatre-du-menteur.com\/fabrique\/#\/schema\/person\/3960fe00302a91fc5f0bd7fdf30f4bcf\",\"name\":\"shamehhonyow\",\"image\":{\"@type\":\"ImageObject\",\"inLanguage\":\"fr-FR\",\"@id\":\"https:\/\/www.theatre-du-menteur.com\/fabrique\/#\/schema\/person\/image\/\",\"url\":\"https:\/\/secure.gravatar.com\/avatar\/60d53c2ea308351d3f52e12b7b4a82bb?s=96&d=mm&r=g\",\"contentUrl\":\"https:\/\/secure.gravatar.com\/avatar\/60d53c2ea308351d3f52e12b7b4a82bb?s=96&d=mm&r=g\",\"caption\":\"shamehhonyow\"}}]}<\/script>\n<!-- \/ Yoast SEO plugin. -->","yoast_head_json":{"title":"L\u2019ami du lac - La fabrique","robots":{"index":"index","follow":"follow","max-snippet":"max-snippet:-1","max-image-preview":"max-image-preview:large","max-video-preview":"max-video-preview:-1"},"canonical":"https:\/\/www.theatre-du-menteur.com\/fabrique\/lami-du-lac\/","og_locale":"fr_FR","og_type":"article","og_title":"L\u2019ami du lac - La fabrique","og_description":"Je regardais la t\u00e9l\u00e9, je dormais, je pleurais quelque part\u2026 Ou bien je restais dehors tout seul\u2026 je r\u00eavais tout seul, triste de ne pas avoir d\u2019amis. Ne sachant que faire, il m\u2019arrivait aussi de courir sans personne, de jouer au ballon sans personne\u2026 Un jour que j\u2019\u00e9tais all\u00e9 au &hellip;","og_url":"https:\/\/www.theatre-du-menteur.com\/fabrique\/lami-du-lac\/","og_site_name":"La fabrique","article_published_time":"2020-03-04T13:28:51+00:00","author":"shamehhonyow","twitter_card":"summary_large_image","twitter_misc":{"\u00c9crit par":"shamehhonyow","Dur\u00e9e de lecture estim\u00e9e":"1 minute"},"schema":{"@context":"https:\/\/schema.org","@graph":[{"@type":"WebPage","@id":"https:\/\/www.theatre-du-menteur.com\/fabrique\/lami-du-lac\/","url":"https:\/\/www.theatre-du-menteur.com\/fabrique\/lami-du-lac\/","name":"L\u2019ami du lac - La fabrique","isPartOf":{"@id":"https:\/\/www.theatre-du-menteur.com\/fabrique\/#website"},"datePublished":"2020-03-04T13:28:51+00:00","dateModified":"2020-03-04T13:28:51+00:00","author":{"@id":"https:\/\/www.theatre-du-menteur.com\/fabrique\/#\/schema\/person\/3960fe00302a91fc5f0bd7fdf30f4bcf"},"breadcrumb":{"@id":"https:\/\/www.theatre-du-menteur.com\/fabrique\/lami-du-lac\/#breadcrumb"},"inLanguage":"fr-FR","potentialAction":[{"@type":"ReadAction","target":["https:\/\/www.theatre-du-menteur.com\/fabrique\/lami-du-lac\/"]}]},{"@type":"BreadcrumbList","@id":"https:\/\/www.theatre-du-menteur.com\/fabrique\/lami-du-lac\/#breadcrumb","itemListElement":[{"@type":"ListItem","position":1,"name":"Accueil","item":"https:\/\/www.theatre-du-menteur.com\/fabrique\/"},{"@type":"ListItem","position":2,"name":"L\u2019ami du lac"}]},{"@type":"WebSite","@id":"https:\/\/www.theatre-du-menteur.com\/fabrique\/#website","url":"https:\/\/www.theatre-du-menteur.com\/fabrique\/","name":"La fabrique","description":"d&#039;\u00e9criture et de jeu","potentialAction":[{"@type":"SearchAction","target":{"@type":"EntryPoint","urlTemplate":"https:\/\/www.theatre-du-menteur.com\/fabrique\/?s={search_term_string}"},"query-input":"required name=search_term_string"}],"inLanguage":"fr-FR"},{"@type":"Person","@id":"https:\/\/www.theatre-du-menteur.com\/fabrique\/#\/schema\/person\/3960fe00302a91fc5f0bd7fdf30f4bcf","name":"shamehhonyow","image":{"@type":"ImageObject","inLanguage":"fr-FR","@id":"https:\/\/www.theatre-du-menteur.com\/fabrique\/#\/schema\/person\/image\/","url":"https:\/\/secure.gravatar.com\/avatar\/60d53c2ea308351d3f52e12b7b4a82bb?s=96&d=mm&r=g","contentUrl":"https:\/\/secure.gravatar.com\/avatar\/60d53c2ea308351d3f52e12b7b4a82bb?s=96&d=mm&r=g","caption":"shamehhonyow"}}]}},"_links":{"self":[{"href":"https:\/\/www.theatre-du-menteur.com\/fabrique\/wp-json\/wp\/v2\/posts\/177"}],"collection":[{"href":"https:\/\/www.theatre-du-menteur.com\/fabrique\/wp-json\/wp\/v2\/posts"}],"about":[{"href":"https:\/\/www.theatre-du-menteur.com\/fabrique\/wp-json\/wp\/v2\/types\/post"}],"author":[{"embeddable":true,"href":"https:\/\/www.theatre-du-menteur.com\/fabrique\/wp-json\/wp\/v2\/users\/2"}],"replies":[{"embeddable":true,"href":"https:\/\/www.theatre-du-menteur.com\/fabrique\/wp-json\/wp\/v2\/comments?post=177"}],"version-history":[{"count":0,"href":"https:\/\/www.theatre-du-menteur.com\/fabrique\/wp-json\/wp\/v2\/posts\/177\/revisions"}],"wp:attachment":[{"href":"https:\/\/www.theatre-du-menteur.com\/fabrique\/wp-json\/wp\/v2\/media?parent=177"}],"wp:term":[{"taxonomy":"category","embeddable":true,"href":"https:\/\/www.theatre-du-menteur.com\/fabrique\/wp-json\/wp\/v2\/categories?post=177"},{"taxonomy":"post_tag","embeddable":true,"href":"https:\/\/www.theatre-du-menteur.com\/fabrique\/wp-json\/wp\/v2\/tags?post=177"}],"curies":[{"name":"wp","href":"https:\/\/api.w.org\/{rel}","templated":true}]}}