{"id":185,"date":"2020-03-04T14:42:11","date_gmt":"2020-03-04T13:42:11","guid":{"rendered":"https:\/\/www.theatre-du-menteur.com\/fabrique\/?p=185"},"modified":"2020-03-06T16:55:10","modified_gmt":"2020-03-06T15:55:10","slug":"le-loup-garou-maman-arielle-et-moi","status":"publish","type":"post","link":"https:\/\/www.theatre-du-menteur.com\/fabrique\/le-loup-garou-maman-arielle-et-moi\/","title":{"rendered":"Le loup-garou, Maman Arielle et moi"},"content":{"rendered":"<div class=\"well well-md\">\n<h5>R\u00e9colte de paroles, M\u00e9diath\u00e8que mobile, Cr\u00e9teil, quartier de l\u2019\u00c9chat, 27 f\u00e9vrier 2020<\/h5>\n<h6>Texte offert par les paroles d\u2019Arielle et J\u00e9r\u00e9my<\/h6>\n<\/div>\n<p class=\"Corps\">Maman Arielle et moi, J\u00e9r\u00e9my, nous vivions dans un ch\u00e2teau au fin fond d\u2019une for\u00eat sombre o\u00f9 vivait un hibou tr\u00e8s rare qui avait le don de se transformer en loup-garou ou bien de dispara\u00eetre\u2026<\/p>\n<p class=\"Corps\">Notre ch\u00e2teau \u00e9tait b\u00e2ti en pain d\u2019\u00e9pices tr\u00e8s sucr\u00e9 ; toutes les abeilles de la r\u00e9gion \u00e9taient attir\u00e9es vers nous et semblaient nous prot\u00e9ger du loup-garou, particuli\u00e8rement la nuit, lorsque le hibou, d\u2019ordinaire notre ami, se transformait en une b\u00eate agressive\u2026<\/p>\n<p class=\"Corps\">Maman Arielle et moi passions presque tout notre temps \u00e0 pr\u00e9parer des potions magiques pour tenter d\u2019emp\u00eacher la transformation du hibou en loup-garou. Une nuit qu\u2019il r\u00f4dait aux alentours du ch\u00e2teau, une temp\u00eate de feu se leva et se propagea tout autour de nous, cuisant les murs et le toit en pain d\u2019\u00e9pices. Les abeilles, quant \u00e0 elles, fortes de leur sixi\u00e8me sens, avaient trouv\u00e9 moyen de s\u2019envoler avant le d\u00e9sastre\u2026<\/p>\n<p class=\"Corps\">Nous d\u00e9cid\u00e2mes alors de quitter pr\u00e9cipitamment le ch\u00e2teau en flammes, abandonnant toutes nos affaires. Alors que nous marchions sans vraiment savoir o\u00f9 nous allions, surgissant de nulle part, le loup-garou apparut, perch\u00e9 sur la cime d\u2019un arbre qui avait la taille de maman.<\/p>\n<p class=\"Corps\">\u00ab\u00a0Je vais vous couper comme de tout petits poissons, et puis je vous d\u00e9vorerai !\u00a0\u00bb nous jeta-t-il \u00e0 la face.<\/p>\n<p class=\"Corps\">A ces mots, sans trembler, nous l\u2019avons asperg\u00e9 (jusqu\u2019au fond de la bouche) de notre potion magique et brusquement le loup-garou perdit son apparence hideuse et redevint un hibou tout ce qu\u2019il y a de plus ordinaire.<\/p>\n<p class=\"Corps\">A ce moment nous n\u2019\u00e9tions plus seuls ; les abeilles nous avaient retrouv\u00e9s et c\u2019est ainsi que nous, Arielle et J\u00e9r\u00e9my, firent en leur compagnie une grande f\u00eate o\u00f9 nous avons chant\u00e9 et dans\u00e9 autour d\u2019un feu de joie\u2026<\/p>\n","protected":false},"excerpt":{"rendered":"<p>Maman Arielle et moi, J\u00e9r\u00e9my, nous vivions dans un ch\u00e2teau au fin fond d\u2019une for\u00eat sombre o\u00f9 vivait un hibou tr\u00e8s rare qui avait le don de se transformer en loup-garou ou bien de dispara\u00eetre\u2026 Notre ch\u00e2teau \u00e9tait b\u00e2ti en pain d\u2019\u00e9pices tr\u00e8s sucr\u00e9 ; toutes les abeilles de la &hellip;<\/p>\n","protected":false},"author":2,"featured_media":0,"comment_status":"closed","ping_status":"closed","sticky":false,"template":"","format":"standard","meta":{"footnotes":""},"categories":[8],"tags":[12],"yoast_head":"<!-- This site is optimized with the Yoast SEO plugin v22.8 - https:\/\/yoast.com\/wordpress\/plugins\/seo\/ -->\n<title>Le loup-garou, Maman Arielle et moi - La fabrique<\/title>\n<meta name=\"robots\" content=\"index, follow, max-snippet:-1, max-image-preview:large, max-video-preview:-1\" \/>\n<link rel=\"canonical\" href=\"https:\/\/www.theatre-du-menteur.com\/fabrique\/le-loup-garou-maman-arielle-et-moi\/\" \/>\n<meta property=\"og:locale\" content=\"fr_FR\" \/>\n<meta property=\"og:type\" content=\"article\" \/>\n<meta property=\"og:title\" content=\"Le loup-garou, Maman Arielle et moi - La fabrique\" \/>\n<meta property=\"og:description\" content=\"Maman Arielle et moi, J\u00e9r\u00e9my, nous vivions dans un ch\u00e2teau au fin fond d\u2019une for\u00eat sombre o\u00f9 vivait un hibou tr\u00e8s rare qui avait le don de se transformer en loup-garou ou bien de dispara\u00eetre\u2026 Notre ch\u00e2teau \u00e9tait b\u00e2ti en pain d\u2019\u00e9pices tr\u00e8s sucr\u00e9 ; toutes les abeilles de la &hellip;\" \/>\n<meta property=\"og:url\" content=\"https:\/\/www.theatre-du-menteur.com\/fabrique\/le-loup-garou-maman-arielle-et-moi\/\" \/>\n<meta property=\"og:site_name\" content=\"La fabrique\" \/>\n<meta property=\"article:published_time\" content=\"2020-03-04T13:42:11+00:00\" \/>\n<meta property=\"article:modified_time\" content=\"2020-03-06T15:55:10+00:00\" \/>\n<meta name=\"author\" content=\"shamehhonyow\" \/>\n<meta name=\"twitter:card\" content=\"summary_large_image\" \/>\n<meta name=\"twitter:label1\" content=\"\u00c9crit par\" \/>\n\t<meta name=\"twitter:data1\" content=\"shamehhonyow\" \/>\n\t<meta name=\"twitter:label2\" content=\"Dur\u00e9e de lecture estim\u00e9e\" \/>\n\t<meta name=\"twitter:data2\" content=\"2 minutes\" \/>\n<script type=\"application\/ld+json\" class=\"yoast-schema-graph\">{\"@context\":\"https:\/\/schema.org\",\"@graph\":[{\"@type\":\"WebPage\",\"@id\":\"https:\/\/www.theatre-du-menteur.com\/fabrique\/le-loup-garou-maman-arielle-et-moi\/\",\"url\":\"https:\/\/www.theatre-du-menteur.com\/fabrique\/le-loup-garou-maman-arielle-et-moi\/\",\"name\":\"Le loup-garou, Maman Arielle et moi - La fabrique\",\"isPartOf\":{\"@id\":\"https:\/\/www.theatre-du-menteur.com\/fabrique\/#website\"},\"datePublished\":\"2020-03-04T13:42:11+00:00\",\"dateModified\":\"2020-03-06T15:55:10+00:00\",\"author\":{\"@id\":\"https:\/\/www.theatre-du-menteur.com\/fabrique\/#\/schema\/person\/3960fe00302a91fc5f0bd7fdf30f4bcf\"},\"breadcrumb\":{\"@id\":\"https:\/\/www.theatre-du-menteur.com\/fabrique\/le-loup-garou-maman-arielle-et-moi\/#breadcrumb\"},\"inLanguage\":\"fr-FR\",\"potentialAction\":[{\"@type\":\"ReadAction\",\"target\":[\"https:\/\/www.theatre-du-menteur.com\/fabrique\/le-loup-garou-maman-arielle-et-moi\/\"]}]},{\"@type\":\"BreadcrumbList\",\"@id\":\"https:\/\/www.theatre-du-menteur.com\/fabrique\/le-loup-garou-maman-arielle-et-moi\/#breadcrumb\",\"itemListElement\":[{\"@type\":\"ListItem\",\"position\":1,\"name\":\"Accueil\",\"item\":\"https:\/\/www.theatre-du-menteur.com\/fabrique\/\"},{\"@type\":\"ListItem\",\"position\":2,\"name\":\"Le loup-garou, Maman Arielle et moi\"}]},{\"@type\":\"WebSite\",\"@id\":\"https:\/\/www.theatre-du-menteur.com\/fabrique\/#website\",\"url\":\"https:\/\/www.theatre-du-menteur.com\/fabrique\/\",\"name\":\"La fabrique\",\"description\":\"d&#039;\u00e9criture et de jeu\",\"potentialAction\":[{\"@type\":\"SearchAction\",\"target\":{\"@type\":\"EntryPoint\",\"urlTemplate\":\"https:\/\/www.theatre-du-menteur.com\/fabrique\/?s={search_term_string}\"},\"query-input\":\"required name=search_term_string\"}],\"inLanguage\":\"fr-FR\"},{\"@type\":\"Person\",\"@id\":\"https:\/\/www.theatre-du-menteur.com\/fabrique\/#\/schema\/person\/3960fe00302a91fc5f0bd7fdf30f4bcf\",\"name\":\"shamehhonyow\",\"image\":{\"@type\":\"ImageObject\",\"inLanguage\":\"fr-FR\",\"@id\":\"https:\/\/www.theatre-du-menteur.com\/fabrique\/#\/schema\/person\/image\/\",\"url\":\"https:\/\/secure.gravatar.com\/avatar\/60d53c2ea308351d3f52e12b7b4a82bb?s=96&d=mm&r=g\",\"contentUrl\":\"https:\/\/secure.gravatar.com\/avatar\/60d53c2ea308351d3f52e12b7b4a82bb?s=96&d=mm&r=g\",\"caption\":\"shamehhonyow\"}}]}<\/script>\n<!-- \/ Yoast SEO plugin. -->","yoast_head_json":{"title":"Le loup-garou, Maman Arielle et moi - La fabrique","robots":{"index":"index","follow":"follow","max-snippet":"max-snippet:-1","max-image-preview":"max-image-preview:large","max-video-preview":"max-video-preview:-1"},"canonical":"https:\/\/www.theatre-du-menteur.com\/fabrique\/le-loup-garou-maman-arielle-et-moi\/","og_locale":"fr_FR","og_type":"article","og_title":"Le loup-garou, Maman Arielle et moi - La fabrique","og_description":"Maman Arielle et moi, J\u00e9r\u00e9my, nous vivions dans un ch\u00e2teau au fin fond d\u2019une for\u00eat sombre o\u00f9 vivait un hibou tr\u00e8s rare qui avait le don de se transformer en loup-garou ou bien de dispara\u00eetre\u2026 Notre ch\u00e2teau \u00e9tait b\u00e2ti en pain d\u2019\u00e9pices tr\u00e8s sucr\u00e9 ; toutes les abeilles de la &hellip;","og_url":"https:\/\/www.theatre-du-menteur.com\/fabrique\/le-loup-garou-maman-arielle-et-moi\/","og_site_name":"La fabrique","article_published_time":"2020-03-04T13:42:11+00:00","article_modified_time":"2020-03-06T15:55:10+00:00","author":"shamehhonyow","twitter_card":"summary_large_image","twitter_misc":{"\u00c9crit par":"shamehhonyow","Dur\u00e9e de lecture estim\u00e9e":"2 minutes"},"schema":{"@context":"https:\/\/schema.org","@graph":[{"@type":"WebPage","@id":"https:\/\/www.theatre-du-menteur.com\/fabrique\/le-loup-garou-maman-arielle-et-moi\/","url":"https:\/\/www.theatre-du-menteur.com\/fabrique\/le-loup-garou-maman-arielle-et-moi\/","name":"Le loup-garou, Maman Arielle et moi - La fabrique","isPartOf":{"@id":"https:\/\/www.theatre-du-menteur.com\/fabrique\/#website"},"datePublished":"2020-03-04T13:42:11+00:00","dateModified":"2020-03-06T15:55:10+00:00","author":{"@id":"https:\/\/www.theatre-du-menteur.com\/fabrique\/#\/schema\/person\/3960fe00302a91fc5f0bd7fdf30f4bcf"},"breadcrumb":{"@id":"https:\/\/www.theatre-du-menteur.com\/fabrique\/le-loup-garou-maman-arielle-et-moi\/#breadcrumb"},"inLanguage":"fr-FR","potentialAction":[{"@type":"ReadAction","target":["https:\/\/www.theatre-du-menteur.com\/fabrique\/le-loup-garou-maman-arielle-et-moi\/"]}]},{"@type":"BreadcrumbList","@id":"https:\/\/www.theatre-du-menteur.com\/fabrique\/le-loup-garou-maman-arielle-et-moi\/#breadcrumb","itemListElement":[{"@type":"ListItem","position":1,"name":"Accueil","item":"https:\/\/www.theatre-du-menteur.com\/fabrique\/"},{"@type":"ListItem","position":2,"name":"Le loup-garou, Maman Arielle et moi"}]},{"@type":"WebSite","@id":"https:\/\/www.theatre-du-menteur.com\/fabrique\/#website","url":"https:\/\/www.theatre-du-menteur.com\/fabrique\/","name":"La fabrique","description":"d&#039;\u00e9criture et de jeu","potentialAction":[{"@type":"SearchAction","target":{"@type":"EntryPoint","urlTemplate":"https:\/\/www.theatre-du-menteur.com\/fabrique\/?s={search_term_string}"},"query-input":"required name=search_term_string"}],"inLanguage":"fr-FR"},{"@type":"Person","@id":"https:\/\/www.theatre-du-menteur.com\/fabrique\/#\/schema\/person\/3960fe00302a91fc5f0bd7fdf30f4bcf","name":"shamehhonyow","image":{"@type":"ImageObject","inLanguage":"fr-FR","@id":"https:\/\/www.theatre-du-menteur.com\/fabrique\/#\/schema\/person\/image\/","url":"https:\/\/secure.gravatar.com\/avatar\/60d53c2ea308351d3f52e12b7b4a82bb?s=96&d=mm&r=g","contentUrl":"https:\/\/secure.gravatar.com\/avatar\/60d53c2ea308351d3f52e12b7b4a82bb?s=96&d=mm&r=g","caption":"shamehhonyow"}}]}},"_links":{"self":[{"href":"https:\/\/www.theatre-du-menteur.com\/fabrique\/wp-json\/wp\/v2\/posts\/185"}],"collection":[{"href":"https:\/\/www.theatre-du-menteur.com\/fabrique\/wp-json\/wp\/v2\/posts"}],"about":[{"href":"https:\/\/www.theatre-du-menteur.com\/fabrique\/wp-json\/wp\/v2\/types\/post"}],"author":[{"embeddable":true,"href":"https:\/\/www.theatre-du-menteur.com\/fabrique\/wp-json\/wp\/v2\/users\/2"}],"replies":[{"embeddable":true,"href":"https:\/\/www.theatre-du-menteur.com\/fabrique\/wp-json\/wp\/v2\/comments?post=185"}],"version-history":[{"count":0,"href":"https:\/\/www.theatre-du-menteur.com\/fabrique\/wp-json\/wp\/v2\/posts\/185\/revisions"}],"wp:attachment":[{"href":"https:\/\/www.theatre-du-menteur.com\/fabrique\/wp-json\/wp\/v2\/media?parent=185"}],"wp:term":[{"taxonomy":"category","embeddable":true,"href":"https:\/\/www.theatre-du-menteur.com\/fabrique\/wp-json\/wp\/v2\/categories?post=185"},{"taxonomy":"post_tag","embeddable":true,"href":"https:\/\/www.theatre-du-menteur.com\/fabrique\/wp-json\/wp\/v2\/tags?post=185"}],"curies":[{"name":"wp","href":"https:\/\/api.w.org\/{rel}","templated":true}]}}