{"id":188,"date":"2020-03-04T14:58:15","date_gmt":"2020-03-04T13:58:15","guid":{"rendered":"https:\/\/www.theatre-du-menteur.com\/fabrique\/?p=188"},"modified":"2020-03-04T15:29:23","modified_gmt":"2020-03-04T14:29:23","slug":"les-belles-recoltes-aux-temps-durables","status":"publish","type":"post","link":"https:\/\/www.theatre-du-menteur.com\/fabrique\/les-belles-recoltes-aux-temps-durables\/","title":{"rendered":"Les belles r\u00e9coltes : aux Temps durables"},"content":{"rendered":"<div class=\"well well-md\">\n<h5>R\u00e9colte de paroles, Atelier de fran\u00e7ais pour adultes primo-arrivants, Maison de quartier des Temps durables, Limeil-Br\u00e9vannes, 24 f\u00e9vrier 2020.<\/h5>\n<h6>Photographies d&rsquo;Ernesto Timor.<\/h6>\n<\/div>\n<div id='gallery-1' class='gallery galleryid-188 gallery-columns-3 gallery-size-medium'><figure class='gallery-item'>\n\t\t\t<div class='gallery-icon landscape'>\n\t\t\t\t<a href='https:\/\/www.theatre-du-menteur.com\/fabrique\/wp-content\/uploads\/2002-fabrique-gpsea2214n-16.jpg'><img loading=\"lazy\" decoding=\"async\" width=\"500\" height=\"334\" src=\"https:\/\/www.theatre-du-menteur.com\/fabrique\/wp-content\/uploads\/2002-fabrique-gpsea2214n-16-500x334.jpg\" class=\"attachment-medium size-medium\" alt=\"\" srcset=\"https:\/\/www.theatre-du-menteur.com\/fabrique\/wp-content\/uploads\/2002-fabrique-gpsea2214n-16-500x334.jpg 500w, https:\/\/www.theatre-du-menteur.com\/fabrique\/wp-content\/uploads\/2002-fabrique-gpsea2214n-16-1200x801.jpg 1200w, https:\/\/www.theatre-du-menteur.com\/fabrique\/wp-content\/uploads\/2002-fabrique-gpsea2214n-16-768x513.jpg 768w, https:\/\/www.theatre-du-menteur.com\/fabrique\/wp-content\/uploads\/2002-fabrique-gpsea2214n-16-1536x1025.jpg 1536w, https:\/\/www.theatre-du-menteur.com\/fabrique\/wp-content\/uploads\/2002-fabrique-gpsea2214n-16-449x300.jpg 449w, https:\/\/www.theatre-du-menteur.com\/fabrique\/wp-content\/uploads\/2002-fabrique-gpsea2214n-16.jpg 1600w\" sizes=\"(max-width: 500px) 100vw, 500px\" \/><\/a>\n\t\t\t<\/div><\/figure><figure class='gallery-item'>\n\t\t\t<div class='gallery-icon landscape'>\n\t\t\t\t<a href='https:\/\/www.theatre-du-menteur.com\/fabrique\/wp-content\/uploads\/2002-fabrique-gpsea2216n-16.jpg'><img loading=\"lazy\" decoding=\"async\" width=\"500\" height=\"334\" src=\"https:\/\/www.theatre-du-menteur.com\/fabrique\/wp-content\/uploads\/2002-fabrique-gpsea2216n-16-500x334.jpg\" class=\"attachment-medium size-medium\" alt=\"\" srcset=\"https:\/\/www.theatre-du-menteur.com\/fabrique\/wp-content\/uploads\/2002-fabrique-gpsea2216n-16-500x334.jpg 500w, https:\/\/www.theatre-du-menteur.com\/fabrique\/wp-content\/uploads\/2002-fabrique-gpsea2216n-16-1200x801.jpg 1200w, https:\/\/www.theatre-du-menteur.com\/fabrique\/wp-content\/uploads\/2002-fabrique-gpsea2216n-16-768x513.jpg 768w, https:\/\/www.theatre-du-menteur.com\/fabrique\/wp-content\/uploads\/2002-fabrique-gpsea2216n-16-1536x1025.jpg 1536w, https:\/\/www.theatre-du-menteur.com\/fabrique\/wp-content\/uploads\/2002-fabrique-gpsea2216n-16-449x300.jpg 449w, https:\/\/www.theatre-du-menteur.com\/fabrique\/wp-content\/uploads\/2002-fabrique-gpsea2216n-16.jpg 1600w\" sizes=\"(max-width: 500px) 100vw, 500px\" \/><\/a>\n\t\t\t<\/div><\/figure><figure class='gallery-item'>\n\t\t\t<div class='gallery-icon landscape'>\n\t\t\t\t<a href='https:\/\/www.theatre-du-menteur.com\/fabrique\/wp-content\/uploads\/2002-fabrique-gpsea2245n-16.jpg'><img loading=\"lazy\" decoding=\"async\" width=\"500\" height=\"334\" src=\"https:\/\/www.theatre-du-menteur.com\/fabrique\/wp-content\/uploads\/2002-fabrique-gpsea2245n-16-500x334.jpg\" class=\"attachment-medium size-medium\" alt=\"\" srcset=\"https:\/\/www.theatre-du-menteur.com\/fabrique\/wp-content\/uploads\/2002-fabrique-gpsea2245n-16-500x334.jpg 500w, https:\/\/www.theatre-du-menteur.com\/fabrique\/wp-content\/uploads\/2002-fabrique-gpsea2245n-16-1200x801.jpg 1200w, https:\/\/www.theatre-du-menteur.com\/fabrique\/wp-content\/uploads\/2002-fabrique-gpsea2245n-16-768x513.jpg 768w, https:\/\/www.theatre-du-menteur.com\/fabrique\/wp-content\/uploads\/2002-fabrique-gpsea2245n-16-1536x1025.jpg 1536w, https:\/\/www.theatre-du-menteur.com\/fabrique\/wp-content\/uploads\/2002-fabrique-gpsea2245n-16-449x300.jpg 449w, https:\/\/www.theatre-du-menteur.com\/fabrique\/wp-content\/uploads\/2002-fabrique-gpsea2245n-16.jpg 1600w\" sizes=\"(max-width: 500px) 100vw, 500px\" \/><\/a>\n\t\t\t<\/div><\/figure><figure class='gallery-item'>\n\t\t\t<div class='gallery-icon landscape'>\n\t\t\t\t<a href='https:\/\/www.theatre-du-menteur.com\/fabrique\/wp-content\/uploads\/2002-fabrique-gpsea2232n-16.jpg'><img loading=\"lazy\" decoding=\"async\" width=\"500\" height=\"335\" src=\"https:\/\/www.theatre-du-menteur.com\/fabrique\/wp-content\/uploads\/2002-fabrique-gpsea2232n-16-500x335.jpg\" class=\"attachment-medium size-medium\" alt=\"\" srcset=\"https:\/\/www.theatre-du-menteur.com\/fabrique\/wp-content\/uploads\/2002-fabrique-gpsea2232n-16-500x335.jpg 500w, https:\/\/www.theatre-du-menteur.com\/fabrique\/wp-content\/uploads\/2002-fabrique-gpsea2232n-16-1200x803.jpg 1200w, https:\/\/www.theatre-du-menteur.com\/fabrique\/wp-content\/uploads\/2002-fabrique-gpsea2232n-16-768x514.jpg 768w, https:\/\/www.theatre-du-menteur.com\/fabrique\/wp-content\/uploads\/2002-fabrique-gpsea2232n-16-1536x1028.jpg 1536w, https:\/\/www.theatre-du-menteur.com\/fabrique\/wp-content\/uploads\/2002-fabrique-gpsea2232n-16-448x300.jpg 448w, https:\/\/www.theatre-du-menteur.com\/fabrique\/wp-content\/uploads\/2002-fabrique-gpsea2232n-16.jpg 1600w\" sizes=\"(max-width: 500px) 100vw, 500px\" \/><\/a>\n\t\t\t<\/div><\/figure><figure class='gallery-item'>\n\t\t\t<div class='gallery-icon landscape'>\n\t\t\t\t<a href='https:\/\/www.theatre-du-menteur.com\/fabrique\/wp-content\/uploads\/2002-fabrique-gpsea2237n-16.jpg'><img loading=\"lazy\" decoding=\"async\" width=\"500\" height=\"334\" src=\"https:\/\/www.theatre-du-menteur.com\/fabrique\/wp-content\/uploads\/2002-fabrique-gpsea2237n-16-500x334.jpg\" class=\"attachment-medium size-medium\" alt=\"\" srcset=\"https:\/\/www.theatre-du-menteur.com\/fabrique\/wp-content\/uploads\/2002-fabrique-gpsea2237n-16-500x334.jpg 500w, https:\/\/www.theatre-du-menteur.com\/fabrique\/wp-content\/uploads\/2002-fabrique-gpsea2237n-16-1200x801.jpg 1200w, https:\/\/www.theatre-du-menteur.com\/fabrique\/wp-content\/uploads\/2002-fabrique-gpsea2237n-16-768x513.jpg 768w, https:\/\/www.theatre-du-menteur.com\/fabrique\/wp-content\/uploads\/2002-fabrique-gpsea2237n-16-1536x1025.jpg 1536w, https:\/\/www.theatre-du-menteur.com\/fabrique\/wp-content\/uploads\/2002-fabrique-gpsea2237n-16-449x300.jpg 449w, https:\/\/www.theatre-du-menteur.com\/fabrique\/wp-content\/uploads\/2002-fabrique-gpsea2237n-16.jpg 1600w\" sizes=\"(max-width: 500px) 100vw, 500px\" \/><\/a>\n\t\t\t<\/div><\/figure><figure class='gallery-item'>\n\t\t\t<div class='gallery-icon landscape'>\n\t\t\t\t<a href='https:\/\/www.theatre-du-menteur.com\/fabrique\/wp-content\/uploads\/2002-fabrique-gpsea2265n-16.jpg'><img loading=\"lazy\" decoding=\"async\" width=\"500\" height=\"334\" src=\"https:\/\/www.theatre-du-menteur.com\/fabrique\/wp-content\/uploads\/2002-fabrique-gpsea2265n-16-500x334.jpg\" class=\"attachment-medium size-medium\" alt=\"\" srcset=\"https:\/\/www.theatre-du-menteur.com\/fabrique\/wp-content\/uploads\/2002-fabrique-gpsea2265n-16-500x334.jpg 500w, https:\/\/www.theatre-du-menteur.com\/fabrique\/wp-content\/uploads\/2002-fabrique-gpsea2265n-16-1200x801.jpg 1200w, https:\/\/www.theatre-du-menteur.com\/fabrique\/wp-content\/uploads\/2002-fabrique-gpsea2265n-16-768x513.jpg 768w, https:\/\/www.theatre-du-menteur.com\/fabrique\/wp-content\/uploads\/2002-fabrique-gpsea2265n-16-1536x1025.jpg 1536w, https:\/\/www.theatre-du-menteur.com\/fabrique\/wp-content\/uploads\/2002-fabrique-gpsea2265n-16-449x300.jpg 449w, https:\/\/www.theatre-du-menteur.com\/fabrique\/wp-content\/uploads\/2002-fabrique-gpsea2265n-16.jpg 1600w\" sizes=\"(max-width: 500px) 100vw, 500px\" \/><\/a>\n\t\t\t<\/div><\/figure><figure class='gallery-item'>\n\t\t\t<div class='gallery-icon landscape'>\n\t\t\t\t<a href='https:\/\/www.theatre-du-menteur.com\/fabrique\/wp-content\/uploads\/2002-fabrique-gpsea2256n-16.jpg'><img loading=\"lazy\" decoding=\"async\" width=\"500\" height=\"334\" src=\"https:\/\/www.theatre-du-menteur.com\/fabrique\/wp-content\/uploads\/2002-fabrique-gpsea2256n-16-500x334.jpg\" class=\"attachment-medium size-medium\" alt=\"\" srcset=\"https:\/\/www.theatre-du-menteur.com\/fabrique\/wp-content\/uploads\/2002-fabrique-gpsea2256n-16-500x334.jpg 500w, https:\/\/www.theatre-du-menteur.com\/fabrique\/wp-content\/uploads\/2002-fabrique-gpsea2256n-16-1200x801.jpg 1200w, https:\/\/www.theatre-du-menteur.com\/fabrique\/wp-content\/uploads\/2002-fabrique-gpsea2256n-16-768x513.jpg 768w, https:\/\/www.theatre-du-menteur.com\/fabrique\/wp-content\/uploads\/2002-fabrique-gpsea2256n-16-1536x1025.jpg 1536w, https:\/\/www.theatre-du-menteur.com\/fabrique\/wp-content\/uploads\/2002-fabrique-gpsea2256n-16-449x300.jpg 449w, https:\/\/www.theatre-du-menteur.com\/fabrique\/wp-content\/uploads\/2002-fabrique-gpsea2256n-16.jpg 1600w\" sizes=\"(max-width: 500px) 100vw, 500px\" \/><\/a>\n\t\t\t<\/div><\/figure><figure class='gallery-item'>\n\t\t\t<div class='gallery-icon landscape'>\n\t\t\t\t<a href='https:\/\/www.theatre-du-menteur.com\/fabrique\/wp-content\/uploads\/2002-fabrique-gpsea2270n-16.jpg'><img loading=\"lazy\" decoding=\"async\" width=\"500\" height=\"334\" src=\"https:\/\/www.theatre-du-menteur.com\/fabrique\/wp-content\/uploads\/2002-fabrique-gpsea2270n-16-500x334.jpg\" class=\"attachment-medium size-medium\" alt=\"\" srcset=\"https:\/\/www.theatre-du-menteur.com\/fabrique\/wp-content\/uploads\/2002-fabrique-gpsea2270n-16-500x334.jpg 500w, https:\/\/www.theatre-du-menteur.com\/fabrique\/wp-content\/uploads\/2002-fabrique-gpsea2270n-16-1200x801.jpg 1200w, https:\/\/www.theatre-du-menteur.com\/fabrique\/wp-content\/uploads\/2002-fabrique-gpsea2270n-16-768x513.jpg 768w, https:\/\/www.theatre-du-menteur.com\/fabrique\/wp-content\/uploads\/2002-fabrique-gpsea2270n-16-1536x1025.jpg 1536w, https:\/\/www.theatre-du-menteur.com\/fabrique\/wp-content\/uploads\/2002-fabrique-gpsea2270n-16-449x300.jpg 449w, https:\/\/www.theatre-du-menteur.com\/fabrique\/wp-content\/uploads\/2002-fabrique-gpsea2270n-16.jpg 1600w\" sizes=\"(max-width: 500px) 100vw, 500px\" \/><\/a>\n\t\t\t<\/div><\/figure><figure class='gallery-item'>\n\t\t\t<div class='gallery-icon landscape'>\n\t\t\t\t<a href='https:\/\/www.theatre-du-menteur.com\/fabrique\/wp-content\/uploads\/2002-fabrique-gpsea2255n-16.jpg'><img loading=\"lazy\" decoding=\"async\" width=\"500\" height=\"334\" src=\"https:\/\/www.theatre-du-menteur.com\/fabrique\/wp-content\/uploads\/2002-fabrique-gpsea2255n-16-500x334.jpg\" class=\"attachment-medium size-medium\" alt=\"\" srcset=\"https:\/\/www.theatre-du-menteur.com\/fabrique\/wp-content\/uploads\/2002-fabrique-gpsea2255n-16-500x334.jpg 500w, https:\/\/www.theatre-du-menteur.com\/fabrique\/wp-content\/uploads\/2002-fabrique-gpsea2255n-16-1200x801.jpg 1200w, https:\/\/www.theatre-du-menteur.com\/fabrique\/wp-content\/uploads\/2002-fabrique-gpsea2255n-16-768x513.jpg 768w, https:\/\/www.theatre-du-menteur.com\/fabrique\/wp-content\/uploads\/2002-fabrique-gpsea2255n-16-1536x1025.jpg 1536w, https:\/\/www.theatre-du-menteur.com\/fabrique\/wp-content\/uploads\/2002-fabrique-gpsea2255n-16-449x300.jpg 449w, https:\/\/www.theatre-du-menteur.com\/fabrique\/wp-content\/uploads\/2002-fabrique-gpsea2255n-16.jpg 1600w\" sizes=\"(max-width: 500px) 100vw, 500px\" \/><\/a>\n\t\t\t<\/div><\/figure>\n\t\t<\/div>\n\n<h6>Ces photos ont \u00e9t\u00e9 prises lors d&rsquo;une de r\u00e9colte de paroles dont le r\u00e9sultat est <a href=\"https:\/\/www.theatre-du-menteur.com\/fabrique\/un-peu-la-bas-un-peu-ici\/\">\u00e0 lire ici<\/a>\u2026<\/h6>\n","protected":false},"excerpt":{"rendered":"<p>Ces photos ont \u00e9t\u00e9 prises lors d&rsquo;une de r\u00e9colte de paroles dont le r\u00e9sultat est \u00e0 lire ici\u2026<\/p>\n","protected":false},"author":2,"featured_media":195,"comment_status":"closed","ping_status":"closed","sticky":false,"template":"","format":"standard","meta":{"footnotes":""},"categories":[5],"tags":[14],"yoast_head":"<!-- This site is optimized with the Yoast SEO plugin v22.8 - https:\/\/yoast.com\/wordpress\/plugins\/seo\/ -->\n<title>Les belles r\u00e9coltes : aux Temps durables - La fabrique<\/title>\n<meta name=\"robots\" content=\"index, follow, max-snippet:-1, max-image-preview:large, max-video-preview:-1\" \/>\n<link rel=\"canonical\" href=\"https:\/\/www.theatre-du-menteur.com\/fabrique\/les-belles-recoltes-aux-temps-durables\/\" \/>\n<meta property=\"og:locale\" content=\"fr_FR\" \/>\n<meta property=\"og:type\" content=\"article\" \/>\n<meta property=\"og:title\" content=\"Les belles r\u00e9coltes : aux Temps durables - La fabrique\" \/>\n<meta property=\"og:description\" content=\"Ces photos ont \u00e9t\u00e9 prises lors d&rsquo;une de r\u00e9colte de paroles dont le r\u00e9sultat est \u00e0 lire ici\u2026\" \/>\n<meta property=\"og:url\" content=\"https:\/\/www.theatre-du-menteur.com\/fabrique\/les-belles-recoltes-aux-temps-durables\/\" \/>\n<meta property=\"og:site_name\" content=\"La fabrique\" \/>\n<meta property=\"article:published_time\" content=\"2020-03-04T13:58:15+00:00\" \/>\n<meta property=\"article:modified_time\" content=\"2020-03-04T14:29:23+00:00\" \/>\n<meta property=\"og:image\" content=\"https:\/\/www.theatre-du-menteur.com\/fabrique\/wp-content\/uploads\/2002-fabrique-gpsea2255n-16.jpg\" \/>\n\t<meta property=\"og:image:width\" content=\"1600\" \/>\n\t<meta property=\"og:image:height\" content=\"1068\" \/>\n\t<meta property=\"og:image:type\" content=\"image\/jpeg\" \/>\n<meta name=\"author\" content=\"shamehhonyow\" \/>\n<meta name=\"twitter:card\" content=\"summary_large_image\" \/>\n<meta name=\"twitter:label1\" content=\"\u00c9crit par\" \/>\n\t<meta name=\"twitter:data1\" content=\"shamehhonyow\" \/>\n<script type=\"application\/ld+json\" class=\"yoast-schema-graph\">{\"@context\":\"https:\/\/schema.org\",\"@graph\":[{\"@type\":\"WebPage\",\"@id\":\"https:\/\/www.theatre-du-menteur.com\/fabrique\/les-belles-recoltes-aux-temps-durables\/\",\"url\":\"https:\/\/www.theatre-du-menteur.com\/fabrique\/les-belles-recoltes-aux-temps-durables\/\",\"name\":\"Les belles r\u00e9coltes : aux Temps durables - La fabrique\",\"isPartOf\":{\"@id\":\"https:\/\/www.theatre-du-menteur.com\/fabrique\/#website\"},\"primaryImageOfPage\":{\"@id\":\"https:\/\/www.theatre-du-menteur.com\/fabrique\/les-belles-recoltes-aux-temps-durables\/#primaryimage\"},\"image\":{\"@id\":\"https:\/\/www.theatre-du-menteur.com\/fabrique\/les-belles-recoltes-aux-temps-durables\/#primaryimage\"},\"thumbnailUrl\":\"https:\/\/www.theatre-du-menteur.com\/fabrique\/wp-content\/uploads\/2002-fabrique-gpsea2255n-16.jpg\",\"datePublished\":\"2020-03-04T13:58:15+00:00\",\"dateModified\":\"2020-03-04T14:29:23+00:00\",\"author\":{\"@id\":\"https:\/\/www.theatre-du-menteur.com\/fabrique\/#\/schema\/person\/3960fe00302a91fc5f0bd7fdf30f4bcf\"},\"breadcrumb\":{\"@id\":\"https:\/\/www.theatre-du-menteur.com\/fabrique\/les-belles-recoltes-aux-temps-durables\/#breadcrumb\"},\"inLanguage\":\"fr-FR\",\"potentialAction\":[{\"@type\":\"ReadAction\",\"target\":[\"https:\/\/www.theatre-du-menteur.com\/fabrique\/les-belles-recoltes-aux-temps-durables\/\"]}]},{\"@type\":\"ImageObject\",\"inLanguage\":\"fr-FR\",\"@id\":\"https:\/\/www.theatre-du-menteur.com\/fabrique\/les-belles-recoltes-aux-temps-durables\/#primaryimage\",\"url\":\"https:\/\/www.theatre-du-menteur.com\/fabrique\/wp-content\/uploads\/2002-fabrique-gpsea2255n-16.jpg\",\"contentUrl\":\"https:\/\/www.theatre-du-menteur.com\/fabrique\/wp-content\/uploads\/2002-fabrique-gpsea2255n-16.jpg\",\"width\":1600,\"height\":1068},{\"@type\":\"BreadcrumbList\",\"@id\":\"https:\/\/www.theatre-du-menteur.com\/fabrique\/les-belles-recoltes-aux-temps-durables\/#breadcrumb\",\"itemListElement\":[{\"@type\":\"ListItem\",\"position\":1,\"name\":\"Accueil\",\"item\":\"https:\/\/www.theatre-du-menteur.com\/fabrique\/\"},{\"@type\":\"ListItem\",\"position\":2,\"name\":\"Les belles r\u00e9coltes : aux Temps durables\"}]},{\"@type\":\"WebSite\",\"@id\":\"https:\/\/www.theatre-du-menteur.com\/fabrique\/#website\",\"url\":\"https:\/\/www.theatre-du-menteur.com\/fabrique\/\",\"name\":\"La fabrique\",\"description\":\"d&#039;\u00e9criture et de jeu\",\"potentialAction\":[{\"@type\":\"SearchAction\",\"target\":{\"@type\":\"EntryPoint\",\"urlTemplate\":\"https:\/\/www.theatre-du-menteur.com\/fabrique\/?s={search_term_string}\"},\"query-input\":\"required name=search_term_string\"}],\"inLanguage\":\"fr-FR\"},{\"@type\":\"Person\",\"@id\":\"https:\/\/www.theatre-du-menteur.com\/fabrique\/#\/schema\/person\/3960fe00302a91fc5f0bd7fdf30f4bcf\",\"name\":\"shamehhonyow\",\"image\":{\"@type\":\"ImageObject\",\"inLanguage\":\"fr-FR\",\"@id\":\"https:\/\/www.theatre-du-menteur.com\/fabrique\/#\/schema\/person\/image\/\",\"url\":\"https:\/\/secure.gravatar.com\/avatar\/60d53c2ea308351d3f52e12b7b4a82bb?s=96&d=mm&r=g\",\"contentUrl\":\"https:\/\/secure.gravatar.com\/avatar\/60d53c2ea308351d3f52e12b7b4a82bb?s=96&d=mm&r=g\",\"caption\":\"shamehhonyow\"}}]}<\/script>\n<!-- \/ Yoast SEO plugin. -->","yoast_head_json":{"title":"Les belles r\u00e9coltes : aux Temps durables - La fabrique","robots":{"index":"index","follow":"follow","max-snippet":"max-snippet:-1","max-image-preview":"max-image-preview:large","max-video-preview":"max-video-preview:-1"},"canonical":"https:\/\/www.theatre-du-menteur.com\/fabrique\/les-belles-recoltes-aux-temps-durables\/","og_locale":"fr_FR","og_type":"article","og_title":"Les belles r\u00e9coltes : aux Temps durables - La fabrique","og_description":"Ces photos ont \u00e9t\u00e9 prises lors d&rsquo;une de r\u00e9colte de paroles dont le r\u00e9sultat est \u00e0 lire ici\u2026","og_url":"https:\/\/www.theatre-du-menteur.com\/fabrique\/les-belles-recoltes-aux-temps-durables\/","og_site_name":"La fabrique","article_published_time":"2020-03-04T13:58:15+00:00","article_modified_time":"2020-03-04T14:29:23+00:00","og_image":[{"width":1600,"height":1068,"url":"https:\/\/www.theatre-du-menteur.com\/fabrique\/wp-content\/uploads\/2002-fabrique-gpsea2255n-16.jpg","type":"image\/jpeg"}],"author":"shamehhonyow","twitter_card":"summary_large_image","twitter_misc":{"\u00c9crit par":"shamehhonyow"},"schema":{"@context":"https:\/\/schema.org","@graph":[{"@type":"WebPage","@id":"https:\/\/www.theatre-du-menteur.com\/fabrique\/les-belles-recoltes-aux-temps-durables\/","url":"https:\/\/www.theatre-du-menteur.com\/fabrique\/les-belles-recoltes-aux-temps-durables\/","name":"Les belles r\u00e9coltes : aux Temps durables - La fabrique","isPartOf":{"@id":"https:\/\/www.theatre-du-menteur.com\/fabrique\/#website"},"primaryImageOfPage":{"@id":"https:\/\/www.theatre-du-menteur.com\/fabrique\/les-belles-recoltes-aux-temps-durables\/#primaryimage"},"image":{"@id":"https:\/\/www.theatre-du-menteur.com\/fabrique\/les-belles-recoltes-aux-temps-durables\/#primaryimage"},"thumbnailUrl":"https:\/\/www.theatre-du-menteur.com\/fabrique\/wp-content\/uploads\/2002-fabrique-gpsea2255n-16.jpg","datePublished":"2020-03-04T13:58:15+00:00","dateModified":"2020-03-04T14:29:23+00:00","author":{"@id":"https:\/\/www.theatre-du-menteur.com\/fabrique\/#\/schema\/person\/3960fe00302a91fc5f0bd7fdf30f4bcf"},"breadcrumb":{"@id":"https:\/\/www.theatre-du-menteur.com\/fabrique\/les-belles-recoltes-aux-temps-durables\/#breadcrumb"},"inLanguage":"fr-FR","potentialAction":[{"@type":"ReadAction","target":["https:\/\/www.theatre-du-menteur.com\/fabrique\/les-belles-recoltes-aux-temps-durables\/"]}]},{"@type":"ImageObject","inLanguage":"fr-FR","@id":"https:\/\/www.theatre-du-menteur.com\/fabrique\/les-belles-recoltes-aux-temps-durables\/#primaryimage","url":"https:\/\/www.theatre-du-menteur.com\/fabrique\/wp-content\/uploads\/2002-fabrique-gpsea2255n-16.jpg","contentUrl":"https:\/\/www.theatre-du-menteur.com\/fabrique\/wp-content\/uploads\/2002-fabrique-gpsea2255n-16.jpg","width":1600,"height":1068},{"@type":"BreadcrumbList","@id":"https:\/\/www.theatre-du-menteur.com\/fabrique\/les-belles-recoltes-aux-temps-durables\/#breadcrumb","itemListElement":[{"@type":"ListItem","position":1,"name":"Accueil","item":"https:\/\/www.theatre-du-menteur.com\/fabrique\/"},{"@type":"ListItem","position":2,"name":"Les belles r\u00e9coltes : aux Temps durables"}]},{"@type":"WebSite","@id":"https:\/\/www.theatre-du-menteur.com\/fabrique\/#website","url":"https:\/\/www.theatre-du-menteur.com\/fabrique\/","name":"La fabrique","description":"d&#039;\u00e9criture et de jeu","potentialAction":[{"@type":"SearchAction","target":{"@type":"EntryPoint","urlTemplate":"https:\/\/www.theatre-du-menteur.com\/fabrique\/?s={search_term_string}"},"query-input":"required name=search_term_string"}],"inLanguage":"fr-FR"},{"@type":"Person","@id":"https:\/\/www.theatre-du-menteur.com\/fabrique\/#\/schema\/person\/3960fe00302a91fc5f0bd7fdf30f4bcf","name":"shamehhonyow","image":{"@type":"ImageObject","inLanguage":"fr-FR","@id":"https:\/\/www.theatre-du-menteur.com\/fabrique\/#\/schema\/person\/image\/","url":"https:\/\/secure.gravatar.com\/avatar\/60d53c2ea308351d3f52e12b7b4a82bb?s=96&d=mm&r=g","contentUrl":"https:\/\/secure.gravatar.com\/avatar\/60d53c2ea308351d3f52e12b7b4a82bb?s=96&d=mm&r=g","caption":"shamehhonyow"}}]}},"_links":{"self":[{"href":"https:\/\/www.theatre-du-menteur.com\/fabrique\/wp-json\/wp\/v2\/posts\/188"}],"collection":[{"href":"https:\/\/www.theatre-du-menteur.com\/fabrique\/wp-json\/wp\/v2\/posts"}],"about":[{"href":"https:\/\/www.theatre-du-menteur.com\/fabrique\/wp-json\/wp\/v2\/types\/post"}],"author":[{"embeddable":true,"href":"https:\/\/www.theatre-du-menteur.com\/fabrique\/wp-json\/wp\/v2\/users\/2"}],"replies":[{"embeddable":true,"href":"https:\/\/www.theatre-du-menteur.com\/fabrique\/wp-json\/wp\/v2\/comments?post=188"}],"version-history":[{"count":0,"href":"https:\/\/www.theatre-du-menteur.com\/fabrique\/wp-json\/wp\/v2\/posts\/188\/revisions"}],"wp:featuredmedia":[{"embeddable":true,"href":"https:\/\/www.theatre-du-menteur.com\/fabrique\/wp-json\/wp\/v2\/media\/195"}],"wp:attachment":[{"href":"https:\/\/www.theatre-du-menteur.com\/fabrique\/wp-json\/wp\/v2\/media?parent=188"}],"wp:term":[{"taxonomy":"category","embeddable":true,"href":"https:\/\/www.theatre-du-menteur.com\/fabrique\/wp-json\/wp\/v2\/categories?post=188"},{"taxonomy":"post_tag","embeddable":true,"href":"https:\/\/www.theatre-du-menteur.com\/fabrique\/wp-json\/wp\/v2\/tags?post=188"}],"curies":[{"name":"wp","href":"https:\/\/api.w.org\/{rel}","templated":true}]}}