{"id":260,"date":"2020-03-12T11:37:44","date_gmt":"2020-03-12T10:37:44","guid":{"rendered":"https:\/\/www.theatre-du-menteur.com\/fabrique\/?p=260"},"modified":"2020-03-12T11:37:44","modified_gmt":"2020-03-12T10:37:44","slug":"un-jour","status":"publish","type":"post","link":"https:\/\/www.theatre-du-menteur.com\/fabrique\/un-jour\/","title":{"rendered":"Un jour ?"},"content":{"rendered":"<div class=\"well well-md\">\n<h5>R\u00e9colte de paroles, <b><span lang=\"EN-US\">groupe d&rsquo;adultes, Maison de quartier de la H\u00e9traie, Limeil-Br\u00e9vannes, 5 mars 2020<\/span><\/b><\/h5>\n<h6>Texte offert par les paroles de Hassina, D\u00e9shir\u00e9, Fanta, Hatouma, Fanta-Diane, Nelson<\/h6>\n<\/div>\n<p>\u2014 Moi, quand je suis seule, je me sens en dehors du monde&#8230; Alors je lis le Coran pour combler ce vide. Cette solitude me fait un peu peur parfois, mais la pri\u00e8re me rend la joie. Je fais mes ablutions, et ma tristesse s\u2019envole !<\/p>\n<p>\u2014 Moi mon corps est seul, mais jamais mon esprit ; je parle \u00e0 tous ceux que je rencontre, m\u00eame s\u2019ils n\u2019existent pas&#8230;<\/p>\n<p>\u2014 Ma solitude \u00e0 moi, c\u2019est quand je m\u2019inqui\u00e8te pour mes enfants : une fois que je serai partie, que vont-ils devenir ? Alors pour chasser ces id\u00e9es noires, je vais dans ma cuisine pour pr\u00e9parer un poisson capitaine avec de la soupe&#8230;<\/p>\n<p>\u2014 Quand je suis seule, la tristesse m\u2019envahit ; je r\u00e9fl\u00e9chis, je r\u00e9fl\u00e9chis, je r\u00e9fl\u00e9chis&#8230; Je me connecte en pens\u00e9e \u00e0 toute ma famille, je parle aux miens et ensemble, nous chassons toute tristesse&#8230;<\/p>\n<p>\u2014 Je suis chez moi, dans ma maison&#8230; Quelquefois je pense \u00e0 la mort, au pays de l\u2019au-del\u00e0, et brusquement je tourne cette page de mes pens\u00e9es, j\u2019\u00e9cris et je lis, je fais de la cuisine, et hop, je me remets en route !<\/p>\n<p>Un jour ?<\/p>\n<p>Un jour le monde a fait marche arri\u00e8re, une marche arri\u00e8re de cent ans au moins ! En ce temps l\u00e0, l\u2019humanit\u00e9 \u00e9tait la vraie richesse, oui, on troquait de l\u2019oignon pour du lait, et nos sourires \u00e9taient gratuits et bienveillants&#8230;<\/p>\n<p>Un jour, la parole juste et la g\u00e9n\u00e9rosit\u00e9 ont habit\u00e9 la bouche des hommes et des femmes de ce monde&#8230;<\/p>\n<p>Un jour, tout le monde, mais vraiment tout le monde, a chant\u00e9 et dans\u00e9, et tous les gens se sont tenus proches les uns des autres ; plus personne ne se manquait de respect&#8230;<\/p>\n<p>Un jour, les fronti\u00e8res sur terre se sont volatilis\u00e9es, et les hommes se sont retrouv\u00e9s, chacun apportant quelque chose pour le grand banquet, et les mamas ont alors pr\u00e9par\u00e9 avec c\u0153ur un repas de partage&#8230;<\/p>\n<p>Un jour, la gentillesse s\u2019est r\u00e9pandue partout sur le monde. Comme la lumi\u00e8re, la bont\u00e9 \u00e9tait partout. C\u2019\u00e9tait&#8230; waou ! Nous disions oui \u00e0 tout !<\/p>\n<p>Le soleil et les \u00e9toiles se sont mis \u00e0 briller tr\u00e8s fort ; tous les astres sont tomb\u00e9s d\u2019accord ! Et les hommes n\u2019\u00e9taient plus que deux et tout recommen\u00e7ait en ce nouveau jardin d\u2019Eden&#8230;<\/p>\n<p>Quelles que soient leurs origines, il n\u2019y avait sur terre plus que des fr\u00e8res et des s\u0153urs, un vent de gentillesse soufflait sur l\u2019esprit de l\u2019humanit\u00e9&#8230;<\/p>\n<p>Un parfums de fleur et de parents traversait l\u2019air ambiant, des arbres avaient pouss\u00e9 \u00e0 la place des villes, tout \u00e9tait propre ; enfin nous allions respirer&#8230;<\/p>\n<p>On entendait les oiseaux, des corneilles d\u2019Ha\u00efti, qui chantaient l\u2019amour en ch\u0153ur avec le coq qui nous sortait du matin en criant : \u00ab\u00a0Il fait jour, braves gens, \u00e9veillez vous !\u00a0\u00bb<\/p>\n<p>Et revenant au monde, nous avions le go\u00fbt de la douceur et faim de vivre&#8230; la solitude avait disparu&#8230;<\/p>\n","protected":false},"excerpt":{"rendered":"<p>\u2014 Moi, quand je suis seule, je me sens en dehors du monde&#8230; Alors je lis le Coran pour combler ce vide. Cette solitude me fait un peu peur parfois, mais la pri\u00e8re me rend la joie. Je fais mes ablutions, et ma tristesse s\u2019envole ! \u2014 Moi mon corps &hellip;<\/p>\n","protected":false},"author":2,"featured_media":0,"comment_status":"closed","ping_status":"closed","sticky":false,"template":"","format":"standard","meta":{"footnotes":""},"categories":[8],"tags":[14],"yoast_head":"<!-- This site is optimized with the Yoast SEO plugin v22.8 - https:\/\/yoast.com\/wordpress\/plugins\/seo\/ -->\n<title>Un jour ? - La fabrique<\/title>\n<meta name=\"robots\" content=\"index, follow, max-snippet:-1, max-image-preview:large, max-video-preview:-1\" \/>\n<link rel=\"canonical\" href=\"https:\/\/www.theatre-du-menteur.com\/fabrique\/un-jour\/\" \/>\n<meta property=\"og:locale\" content=\"fr_FR\" \/>\n<meta property=\"og:type\" content=\"article\" \/>\n<meta property=\"og:title\" content=\"Un jour ? - La fabrique\" \/>\n<meta property=\"og:description\" content=\"\u2014 Moi, quand je suis seule, je me sens en dehors du monde&#8230; Alors je lis le Coran pour combler ce vide. Cette solitude me fait un peu peur parfois, mais la pri\u00e8re me rend la joie. Je fais mes ablutions, et ma tristesse s\u2019envole ! \u2014 Moi mon corps &hellip;\" \/>\n<meta property=\"og:url\" content=\"https:\/\/www.theatre-du-menteur.com\/fabrique\/un-jour\/\" \/>\n<meta property=\"og:site_name\" content=\"La fabrique\" \/>\n<meta property=\"article:published_time\" content=\"2020-03-12T10:37:44+00:00\" \/>\n<meta name=\"author\" content=\"shamehhonyow\" \/>\n<meta name=\"twitter:card\" content=\"summary_large_image\" \/>\n<meta name=\"twitter:label1\" content=\"\u00c9crit par\" \/>\n\t<meta name=\"twitter:data1\" content=\"shamehhonyow\" \/>\n\t<meta name=\"twitter:label2\" content=\"Dur\u00e9e de lecture estim\u00e9e\" \/>\n\t<meta name=\"twitter:data2\" content=\"3 minutes\" \/>\n<script type=\"application\/ld+json\" class=\"yoast-schema-graph\">{\"@context\":\"https:\/\/schema.org\",\"@graph\":[{\"@type\":\"WebPage\",\"@id\":\"https:\/\/www.theatre-du-menteur.com\/fabrique\/un-jour\/\",\"url\":\"https:\/\/www.theatre-du-menteur.com\/fabrique\/un-jour\/\",\"name\":\"Un jour ? - La fabrique\",\"isPartOf\":{\"@id\":\"https:\/\/www.theatre-du-menteur.com\/fabrique\/#website\"},\"datePublished\":\"2020-03-12T10:37:44+00:00\",\"dateModified\":\"2020-03-12T10:37:44+00:00\",\"author\":{\"@id\":\"https:\/\/www.theatre-du-menteur.com\/fabrique\/#\/schema\/person\/3960fe00302a91fc5f0bd7fdf30f4bcf\"},\"breadcrumb\":{\"@id\":\"https:\/\/www.theatre-du-menteur.com\/fabrique\/un-jour\/#breadcrumb\"},\"inLanguage\":\"fr-FR\",\"potentialAction\":[{\"@type\":\"ReadAction\",\"target\":[\"https:\/\/www.theatre-du-menteur.com\/fabrique\/un-jour\/\"]}]},{\"@type\":\"BreadcrumbList\",\"@id\":\"https:\/\/www.theatre-du-menteur.com\/fabrique\/un-jour\/#breadcrumb\",\"itemListElement\":[{\"@type\":\"ListItem\",\"position\":1,\"name\":\"Accueil\",\"item\":\"https:\/\/www.theatre-du-menteur.com\/fabrique\/\"},{\"@type\":\"ListItem\",\"position\":2,\"name\":\"Un jour ?\"}]},{\"@type\":\"WebSite\",\"@id\":\"https:\/\/www.theatre-du-menteur.com\/fabrique\/#website\",\"url\":\"https:\/\/www.theatre-du-menteur.com\/fabrique\/\",\"name\":\"La fabrique\",\"description\":\"d&#039;\u00e9criture et de jeu\",\"potentialAction\":[{\"@type\":\"SearchAction\",\"target\":{\"@type\":\"EntryPoint\",\"urlTemplate\":\"https:\/\/www.theatre-du-menteur.com\/fabrique\/?s={search_term_string}\"},\"query-input\":\"required name=search_term_string\"}],\"inLanguage\":\"fr-FR\"},{\"@type\":\"Person\",\"@id\":\"https:\/\/www.theatre-du-menteur.com\/fabrique\/#\/schema\/person\/3960fe00302a91fc5f0bd7fdf30f4bcf\",\"name\":\"shamehhonyow\",\"image\":{\"@type\":\"ImageObject\",\"inLanguage\":\"fr-FR\",\"@id\":\"https:\/\/www.theatre-du-menteur.com\/fabrique\/#\/schema\/person\/image\/\",\"url\":\"https:\/\/secure.gravatar.com\/avatar\/60d53c2ea308351d3f52e12b7b4a82bb?s=96&d=mm&r=g\",\"contentUrl\":\"https:\/\/secure.gravatar.com\/avatar\/60d53c2ea308351d3f52e12b7b4a82bb?s=96&d=mm&r=g\",\"caption\":\"shamehhonyow\"}}]}<\/script>\n<!-- \/ Yoast SEO plugin. -->","yoast_head_json":{"title":"Un jour ? - La fabrique","robots":{"index":"index","follow":"follow","max-snippet":"max-snippet:-1","max-image-preview":"max-image-preview:large","max-video-preview":"max-video-preview:-1"},"canonical":"https:\/\/www.theatre-du-menteur.com\/fabrique\/un-jour\/","og_locale":"fr_FR","og_type":"article","og_title":"Un jour ? - La fabrique","og_description":"\u2014 Moi, quand je suis seule, je me sens en dehors du monde&#8230; Alors je lis le Coran pour combler ce vide. Cette solitude me fait un peu peur parfois, mais la pri\u00e8re me rend la joie. Je fais mes ablutions, et ma tristesse s\u2019envole ! \u2014 Moi mon corps &hellip;","og_url":"https:\/\/www.theatre-du-menteur.com\/fabrique\/un-jour\/","og_site_name":"La fabrique","article_published_time":"2020-03-12T10:37:44+00:00","author":"shamehhonyow","twitter_card":"summary_large_image","twitter_misc":{"\u00c9crit par":"shamehhonyow","Dur\u00e9e de lecture estim\u00e9e":"3 minutes"},"schema":{"@context":"https:\/\/schema.org","@graph":[{"@type":"WebPage","@id":"https:\/\/www.theatre-du-menteur.com\/fabrique\/un-jour\/","url":"https:\/\/www.theatre-du-menteur.com\/fabrique\/un-jour\/","name":"Un jour ? - La fabrique","isPartOf":{"@id":"https:\/\/www.theatre-du-menteur.com\/fabrique\/#website"},"datePublished":"2020-03-12T10:37:44+00:00","dateModified":"2020-03-12T10:37:44+00:00","author":{"@id":"https:\/\/www.theatre-du-menteur.com\/fabrique\/#\/schema\/person\/3960fe00302a91fc5f0bd7fdf30f4bcf"},"breadcrumb":{"@id":"https:\/\/www.theatre-du-menteur.com\/fabrique\/un-jour\/#breadcrumb"},"inLanguage":"fr-FR","potentialAction":[{"@type":"ReadAction","target":["https:\/\/www.theatre-du-menteur.com\/fabrique\/un-jour\/"]}]},{"@type":"BreadcrumbList","@id":"https:\/\/www.theatre-du-menteur.com\/fabrique\/un-jour\/#breadcrumb","itemListElement":[{"@type":"ListItem","position":1,"name":"Accueil","item":"https:\/\/www.theatre-du-menteur.com\/fabrique\/"},{"@type":"ListItem","position":2,"name":"Un jour ?"}]},{"@type":"WebSite","@id":"https:\/\/www.theatre-du-menteur.com\/fabrique\/#website","url":"https:\/\/www.theatre-du-menteur.com\/fabrique\/","name":"La fabrique","description":"d&#039;\u00e9criture et de jeu","potentialAction":[{"@type":"SearchAction","target":{"@type":"EntryPoint","urlTemplate":"https:\/\/www.theatre-du-menteur.com\/fabrique\/?s={search_term_string}"},"query-input":"required name=search_term_string"}],"inLanguage":"fr-FR"},{"@type":"Person","@id":"https:\/\/www.theatre-du-menteur.com\/fabrique\/#\/schema\/person\/3960fe00302a91fc5f0bd7fdf30f4bcf","name":"shamehhonyow","image":{"@type":"ImageObject","inLanguage":"fr-FR","@id":"https:\/\/www.theatre-du-menteur.com\/fabrique\/#\/schema\/person\/image\/","url":"https:\/\/secure.gravatar.com\/avatar\/60d53c2ea308351d3f52e12b7b4a82bb?s=96&d=mm&r=g","contentUrl":"https:\/\/secure.gravatar.com\/avatar\/60d53c2ea308351d3f52e12b7b4a82bb?s=96&d=mm&r=g","caption":"shamehhonyow"}}]}},"_links":{"self":[{"href":"https:\/\/www.theatre-du-menteur.com\/fabrique\/wp-json\/wp\/v2\/posts\/260"}],"collection":[{"href":"https:\/\/www.theatre-du-menteur.com\/fabrique\/wp-json\/wp\/v2\/posts"}],"about":[{"href":"https:\/\/www.theatre-du-menteur.com\/fabrique\/wp-json\/wp\/v2\/types\/post"}],"author":[{"embeddable":true,"href":"https:\/\/www.theatre-du-menteur.com\/fabrique\/wp-json\/wp\/v2\/users\/2"}],"replies":[{"embeddable":true,"href":"https:\/\/www.theatre-du-menteur.com\/fabrique\/wp-json\/wp\/v2\/comments?post=260"}],"version-history":[{"count":0,"href":"https:\/\/www.theatre-du-menteur.com\/fabrique\/wp-json\/wp\/v2\/posts\/260\/revisions"}],"wp:attachment":[{"href":"https:\/\/www.theatre-du-menteur.com\/fabrique\/wp-json\/wp\/v2\/media?parent=260"}],"wp:term":[{"taxonomy":"category","embeddable":true,"href":"https:\/\/www.theatre-du-menteur.com\/fabrique\/wp-json\/wp\/v2\/categories?post=260"},{"taxonomy":"post_tag","embeddable":true,"href":"https:\/\/www.theatre-du-menteur.com\/fabrique\/wp-json\/wp\/v2\/tags?post=260"}],"curies":[{"name":"wp","href":"https:\/\/api.w.org\/{rel}","templated":true}]}}